{"id":186669,"date":"2020-01-06T16:23:10","date_gmt":"2020-01-06T15:23:10","guid":{"rendered":"https:\/\/www.onlinejazyky.cz\/info\/?p=186669"},"modified":"2020-01-06T16:38:17","modified_gmt":"2020-01-06T15:38:17","slug":"zapisy-2","status":"publish","type":"post","link":"https:\/\/www.onlinejazyky.cz\/info\/zapisy-2\/","title":{"rendered":"Z\u00e1pisy jsou v pln\u00e9m proudu!"},"content":{"rendered":"\n<h4>Pokud s n\u00e1mi budou va\u0161i studenti studovat v  roce 2016\/2017, p\u0159ipravili jsme pro v\u00e1s v dne\u0161n\u00edm \u010dl\u00e1nku odpov\u011bdi na va\u0161e nej\u010dast\u011bj\u0161\u00ed dotazy. Pokud s n\u00e1mi je\u0161t\u011b dohodu o spolupr\u00e1ci uzav\u0159enou nem\u00e1te, <a href=\"https:\/\/www.sogoodlanguages.com\/english\/cs\/studium-s-online-jazyky-pro-skolni-rok-2016-2017\/?utm_source=newsletter&amp;utm_medium=email&amp;utm_campaign=vyzva_57_vyhlaseni_nejlepsi_tridy#1458567177239-b38ca718-6357\">zjist\u011bte v\u00edce, jak v\u00e1m m\u016f\u017eeme s v\u00fdukou pomoci<\/a>. <\/h4>\n\n\n\n<h2>1 Do kdy mus\u00ed b\u00fdt vypln\u011bn\u00e9 seznamy odeslan\u00e9?<\/h2>\n\n\n\n<p>Seznamy \u00fa\u010dastn\u00edk\u016f n\u00e1m m\u016f\u017eete zaslat kdykoliv do 20.8.2016. Po t\u00e9 garantujeme, \u017ee kurzy budou p\u0159ipraveny ke studiu k 1.9.2016. Pokud&nbsp; budete zn\u00e1t \u00fa\u010dastn\u00edky a\u017e b\u011bhem z\u00e1\u0159\u00ed, posta\u010d\u00ed, kdy\u017e seznam po\u0161lete na za\u010d\u00e1tku \u0161koln\u00edho roku. Aktivace potom prob\u011bhne do 3 pracovn\u00edch dn\u016f.<\/p>\n\n\n\n<h2>2 Kdy se studentsk\u00e9 p\u0159\u00edstupy budou vyp\u00ednat?<\/h2>\n\n\n\n<p>P\u0159\u00edstupy\n se vypnou k&nbsp;30.6.2016, pokra\u010dov\u00e1n\u00ed studentsk\u00fdch licenc\u00ed bude \nk&nbsp;1.9.2016. Na z\u00e1klad\u011b individu\u00e1ln\u00ed domluvy je mo\u017en\u00e9 spustit licence pro\n pedagogy ji\u017e b\u011bhem pr\u00e1zdnin.<\/p>\n\n\n\n<h2>3 Mohu v&nbsp;r\u00e1mci pokra\u010dov\u00e1n\u00ed za dotovanou cenu dokon\u010dit kurz, kter\u00fd m\u00e1m rozstudovan\u00fd ze \u0161k. roku 2015\/2016?<\/h2>\n\n\n\n<p>Ano,\n m\u016f\u017eete. Dopl\u0148te informaci do formul\u00e1\u0159e \u00fa\u010dastn\u00edk\u016f. V&nbsp;p\u0159\u00edpad\u011b, \u017ee kurz \n\u0159\u00e1dn\u011b dokon\u010d\u00edte, dostanete od n\u00e1s pokra\u010dov\u00e1n\u00ed jako bonus.<\/p>\n\n\n\n<h2>4 Kdy prob\u011bhne fakturace?<\/h2>\n\n\n\n<p>Na konci z\u00e1\u0159\u00ed, za\u010d\u00e1tku \u0159\u00edjna 2016.<\/p>\n\n\n\n<h2>5 Budou se muset plnit stejn\u00e1 pravidla, jako tomu bylo u V\u00fdzvy \u010d. 57?<\/h2>\n\n\n\n<p>Ne,\n pokra\u010dov\u00e1n\u00ed kurz\u016f nen\u00ed v\u00e1z\u00e1no na M\u0160MT, tud\u00ed\u017e nen\u00ed pot\u0159eba plnit ur\u010dit\u00fd \n\u010das, procenta \u00fasp\u011b\u0161nosti \u010di vstupn\u00ed a v\u00fdstupn\u00ed testov\u00e1n\u00ed.<\/p>\n\n\n\n<h2>6 A m\u00e1me tak\u00e9 k&nbsp;dispozici dal\u0161\u00ed sylaby na\u0161ich kurz\u016f ke sta\u017een\u00ed, abyste si mohli l\u00e9pe vybrat pot\u0159ebnou \u00farove\u0148.<\/h2>\n\n\n\n<p><a href=\"https:\/\/drive.google.com\/folderview?id=0B59mNmgzd5PRUmpIblphS1NPRlU&amp;usp=sharing\">St\u00e1hn\u011bte si aktu\u00e1ln\u00ed sylaby zde.<\/a><\/p>\n\n\n\n<p><\/p>\n\n\t\t\t  <div \n\t\t\t  \tclass = \"fb-comments\" \n\t\t\t  \tdata-href = \"https:\/\/www.onlinejazyky.cz\/info\/zapisy-2\/\"\n\t\t\t  \tdata-numposts = \"10\"\n\t\t\t\tdata-colorscheme = \"light\"\n\t\t\t\tdata-order-by = \"social\"\n\t\t\t\tdata-mobile=true>\n\t\t\t  <\/div>\n\t\t  <style>\n\t\t\t.fb_iframe_widget_fluid_desktop iframe {\n\t\t\t    width: 100% !important;\n\t\t\t}\n\t\t  <\/style>\n\t\t  ","protected":false},"excerpt":{"rendered":"<p>Pokud s n\u00e1mi budou va\u0161i studenti studovat v roce 2016\/2017, p\u0159ipravili jsme pro v\u00e1s v dne\u0161n\u00edm \u010dl\u00e1nku odpov\u011bdi na va\u0161e nej\u010dast\u011bj\u0161\u00ed dotazy. Pokud s n\u00e1mi je\u0161t\u011b dohodu o spolupr\u00e1ci uzav\u0159enou nem\u00e1te, zjist\u011bte v\u00edce, jak v\u00e1m m\u016f\u017eeme s v\u00fdukou pomoci. 1 Do kdy mus\u00ed b\u00fdt vypln\u011bn\u00e9 seznamy odeslan\u00e9? Seznamy \u00fa\u010dastn\u00edk\u016f n\u00e1m m\u016f\u017eete zaslat kdykoliv do 20.8.2016. [&hellip;]<\/p>\n","protected":false},"author":1617,"featured_media":117846,"comment_status":"open","ping_status":"open","sticky":false,"template":"","format":"standard","meta":{"_et_pb_use_builder":"off","_et_pb_old_content":"","_et_gb_content_width":""},"categories":[60],"tags":[],"yoast_head":"<!-- This site is optimized with the Yoast SEO plugin v14.9 - https:\/\/yoast.com\/wordpress\/plugins\/seo\/ -->\n<title>Z\u00e1pisy jsou v pln\u00e9m proudu! - onlinejazyky.cz<\/title>\n<meta name=\"robots\" content=\"index, follow, max-snippet:-1, max-image-preview:large, max-video-preview:-1\" \/>\n<link rel=\"canonical\" href=\"https:\/\/www.onlinejazyky.cz\/info\/zapisy-2\/\" \/>\n<meta property=\"og:locale\" content=\"cs_CZ\" \/>\n<meta property=\"og:type\" content=\"article\" \/>\n<meta property=\"og:title\" content=\"Z\u00e1pisy jsou v pln\u00e9m proudu! - onlinejazyky.cz\" \/>\n<meta property=\"og:description\" content=\"Pokud s n\u00e1mi budou va\u0161i studenti studovat v roce 2016\/2017, p\u0159ipravili jsme pro v\u00e1s v dne\u0161n\u00edm \u010dl\u00e1nku odpov\u011bdi na va\u0161e nej\u010dast\u011bj\u0161\u00ed dotazy. Pokud s n\u00e1mi je\u0161t\u011b dohodu o spolupr\u00e1ci uzav\u0159enou nem\u00e1te, zjist\u011bte v\u00edce, jak v\u00e1m m\u016f\u017eeme s v\u00fdukou pomoci. 1 Do kdy mus\u00ed b\u00fdt vypln\u011bn\u00e9 seznamy odeslan\u00e9? Seznamy \u00fa\u010dastn\u00edk\u016f n\u00e1m m\u016f\u017eete zaslat kdykoliv do 20.8.2016. [&hellip;]\" \/>\n<meta property=\"og:url\" content=\"https:\/\/www.onlinejazyky.cz\/info\/zapisy-2\/\" \/>\n<meta property=\"og:site_name\" content=\"onlinejazyky.cz\" \/>\n<meta property=\"article:published_time\" content=\"2020-01-06T15:23:10+00:00\" \/>\n<meta property=\"article:modified_time\" content=\"2020-01-06T15:38:17+00:00\" \/>\n<meta property=\"og:image\" content=\"https:\/\/www.onlinejazyky.cz\/info\/wp-content\/uploads\/2019\/08\/school.png\" \/>\n\t<meta property=\"og:image:width\" content=\"633\" \/>\n\t<meta property=\"og:image:height\" content=\"341\" \/>\n<meta name=\"twitter:card\" content=\"summary\" \/>\n<script type=\"application\/ld+json\" class=\"yoast-schema-graph\">{\"@context\":\"https:\/\/schema.org\",\"@graph\":[{\"@type\":\"WebSite\",\"@id\":\"https:\/\/www.onlinejazyky.cz\/info\/#website\",\"url\":\"https:\/\/www.onlinejazyky.cz\/info\/\",\"name\":\"onlinejazyky.cz\",\"description\":\"\",\"potentialAction\":[{\"@type\":\"SearchAction\",\"target\":\"https:\/\/www.onlinejazyky.cz\/info\/?s={search_term_string}\",\"query-input\":\"required name=search_term_string\"}],\"inLanguage\":\"cs\"},{\"@type\":\"ImageObject\",\"@id\":\"https:\/\/www.onlinejazyky.cz\/info\/zapisy-2\/#primaryimage\",\"inLanguage\":\"cs\",\"url\":\"https:\/\/www.onlinejazyky.cz\/info\/wp-content\/uploads\/2019\/08\/school.png\",\"width\":633,\"height\":341},{\"@type\":\"WebPage\",\"@id\":\"https:\/\/www.onlinejazyky.cz\/info\/zapisy-2\/#webpage\",\"url\":\"https:\/\/www.onlinejazyky.cz\/info\/zapisy-2\/\",\"name\":\"Z\\u00e1pisy jsou v pln\\u00e9m proudu! - onlinejazyky.cz\",\"isPartOf\":{\"@id\":\"https:\/\/www.onlinejazyky.cz\/info\/#website\"},\"primaryImageOfPage\":{\"@id\":\"https:\/\/www.onlinejazyky.cz\/info\/zapisy-2\/#primaryimage\"},\"datePublished\":\"2020-01-06T15:23:10+00:00\",\"dateModified\":\"2020-01-06T15:38:17+00:00\",\"author\":{\"@id\":\"https:\/\/www.onlinejazyky.cz\/info\/#\/schema\/person\/7a9b81024096ee4fb0a56a08fff0306a\"},\"inLanguage\":\"cs\",\"potentialAction\":[{\"@type\":\"ReadAction\",\"target\":[\"https:\/\/www.onlinejazyky.cz\/info\/zapisy-2\/\"]}]},{\"@type\":\"Person\",\"@id\":\"https:\/\/www.onlinejazyky.cz\/info\/#\/schema\/person\/7a9b81024096ee4fb0a56a08fff0306a\",\"name\":\"Petra Vickov\\u00e1\",\"image\":{\"@type\":\"ImageObject\",\"@id\":\"https:\/\/www.onlinejazyky.cz\/info\/#personlogo\",\"inLanguage\":\"cs\",\"url\":\"https:\/\/secure.gravatar.com\/avatar\/6d38d701bfeabaecb84dfadd57dc3ed0?s=96&d=mm&r=g\",\"caption\":\"Petra Vickov\\u00e1\"}}]}<\/script>\n<!-- \/ Yoast SEO plugin. -->","_links":{"self":[{"href":"https:\/\/www.onlinejazyky.cz\/info\/wp-json\/wp\/v2\/posts\/186669"}],"collection":[{"href":"https:\/\/www.onlinejazyky.cz\/info\/wp-json\/wp\/v2\/posts"}],"about":[{"href":"https:\/\/www.onlinejazyky.cz\/info\/wp-json\/wp\/v2\/types\/post"}],"author":[{"embeddable":true,"href":"https:\/\/www.onlinejazyky.cz\/info\/wp-json\/wp\/v2\/users\/1617"}],"replies":[{"embeddable":true,"href":"https:\/\/www.onlinejazyky.cz\/info\/wp-json\/wp\/v2\/comments?post=186669"}],"version-history":[{"count":2,"href":"https:\/\/www.onlinejazyky.cz\/info\/wp-json\/wp\/v2\/posts\/186669\/revisions"}],"predecessor-version":[{"id":186680,"href":"https:\/\/www.onlinejazyky.cz\/info\/wp-json\/wp\/v2\/posts\/186669\/revisions\/186680"}],"wp:featuredmedia":[{"embeddable":true,"href":"https:\/\/www.onlinejazyky.cz\/info\/wp-json\/wp\/v2\/media\/117846"}],"wp:attachment":[{"href":"https:\/\/www.onlinejazyky.cz\/info\/wp-json\/wp\/v2\/media?parent=186669"}],"wp:term":[{"taxonomy":"category","embeddable":true,"href":"https:\/\/www.onlinejazyky.cz\/info\/wp-json\/wp\/v2\/categories?post=186669"},{"taxonomy":"post_tag","embeddable":true,"href":"https:\/\/www.onlinejazyky.cz\/info\/wp-json\/wp\/v2\/tags?post=186669"}],"curies":[{"name":"wp","href":"https:\/\/api.w.org\/{rel}","templated":true}]}}